{"id":2636,"date":"2024-01-19T10:11:32","date_gmt":"2024-01-19T09:11:38","guid":{"rendered":"https:\/\/www.domainesrichard.fr\/chateau-la-nerthe\/?p=2636"},"modified":"2024-06-27T15:06:43","modified_gmt":"2024-06-27T13:06:43","slug":"la-vinification-au-chateau-la-nerthe-une-histoire-des-terroirs","status":"publish","type":"post","link":"https:\/\/www.domainesrichard.fr\/chateau-la-nerthe\/la-vinification-au-chateau-la-nerthe-une-histoire-des-terroirs\/","title":{"rendered":"La vinification au Ch\u00e2teau La Nerthe&nbsp;: une histoire, des terroirs"},"content":{"rendered":"<p>Au c\u0153ur de la prestigieuse <strong>AOC Ch\u00e2teauneuf-du-Pape<\/strong>, le <strong>Ch\u00e2teau La Nerthe<\/strong> est en train d\u2019\u00e9crire un nouveau chapitre de son <strong>mill\u00e9sime\u00a02023<\/strong>\u00a0: l\u2019effervescence des <strong>vendanges<\/strong> a en effet laiss\u00e9 place \u00e0 la patiente magie de la <strong>vinification<\/strong>. Notre <strong>\u00e9quipe en cave<\/strong> s\u2019emploie d\u00e9sormais \u00e0 mettre en lumi\u00e8re la personnalit\u00e9 des <strong>raisins r\u00e9colt\u00e9s<\/strong>. Pour cela, elle peut compter sur un <strong>savoir-faire s\u00e9culaire<\/strong>, h\u00e9rit\u00e9 de nos <strong>cinq si\u00e8cles d\u2019histoire<\/strong>. L\u2019occasion pour nous de vous confier quelques <strong>secrets de vinification au Ch\u00e2teau La Nerthe<\/strong>, dont ceux de notre <strong>Cuv\u00e9e Ducos<\/strong>, qui incarne parfaitement notre longue <strong>tradition vinicole\u2026<\/strong><\/p>\n<p>&nbsp;<\/p>\n<h2>La vinification, ou l\u2019art de laisser nos terroirs s\u2019exprimer pleinement<\/h2>\n<p><img decoding=\"async\" class=\"size-medium wp-image-3316 alignleft\" src=\"https:\/\/www.domainesrichard.fr\/wp-content\/uploads\/2024\/01\/3A4A9797-300x200.jpg\" alt=\"\" width=\"300\" height=\"200\" \/><\/p>\n<p>&nbsp;<\/p>\n<p>&nbsp;<\/p>\n<p>&nbsp;<\/p>\n<p>&nbsp;<\/p>\n<p>&nbsp;<\/p>\n<p>&nbsp;<\/p>\n<p>&nbsp;<\/p>\n<p>\u00ab\u2009<em>Conna\u00eetre la technologie pour l\u2019utiliser le moins possible<\/em>\u2009\u00bb. Quand il s\u2019agit de transformer le mo\u00fbt en vin, tel est le cr\u00e9do de R\u00e9mi Jean. La vision de notre Directeur nourrit quotidiennement le travail de notre \u00e9quipe lors de la vinification. Si les ann\u00e9es\u00a01990 ont vu l\u2019\u0153nologue s\u2019attacher \u00e0 marquer de son empreinte le style de ses vins, il n\u2019en est plus de m\u00eame aujourd\u2019hui. Bien au contraire.<\/p>\n<p>Dans nos caves au Ch\u00e2teau La Nerthe, c\u2019est le terroir qui doit \u00eatre r\u00e9v\u00e9l\u00e9. Le vinificateur, lui, s\u2019efface derri\u00e8re le sceau de la nature et du mill\u00e9sime. Nous veillons ainsi \u00e0 intervenir le moins possible lorsque nous \u00e9laborons <strong><a href=\"https:\/\/www.domainesrichard.fr\/chateau-la-nerthe\/boutique\/\">nos vins de Ch\u00e2teauneuf-du-Pape<\/a>.<\/strong> Nous laissons plut\u00f4t la parole aux <strong><a href=\"https:\/\/www.domainesrichard.fr\/chateau-la-nerthe\/terroir-vigne\/\">57\u00a0parcelles qui composent les 92\u00a0hectares de notre vignoble<\/a><\/strong>\u00a0: une vraie mosa\u00efque de caract\u00e8res, enrichie par un superbe \u00e9ventail de 13\u00a0c\u00e9pages.<\/p>\n<p>La vinification parcellaire de nos vins blancs traduit par exemple avec justesse cet objectif\u00a0: leur fra\u00eecheur signature refl\u00e8te la qualit\u00e9 de nos sols et l\u2019influence bienveillante de nos sources naturelles\u2026<\/p>\n<p>&nbsp;<\/p>\n<h2>L\u2019\u00e9levage, la touche finale pour sublimer chaque expression aromatique<\/h2>\n<p><img decoding=\"async\" class=\"alignnone size-medium wp-image-3314\" src=\"https:\/\/www.domainesrichard.fr\/wp-content\/uploads\/2024\/01\/075A6424-Avec-accentuation-Bruit1-200x300.jpg\" alt=\"\" width=\"200\" height=\"300\" \/><\/p>\n<p><a href=\"https:\/\/www.domainesrichard.fr\/chateau-la-nerthe\/cave\/\">L\u2019\u00e9levage sur mesure de nos vins<\/a> d\u00e9coule \u00e9galement de notre volont\u00e9 d\u2019entretenir la d\u00e9licate osmose entre les sols, le v\u00e9g\u00e9tal et les gestes de l\u2019Homme.De cette mani\u00e8re, le vieillissement est un prolongement de notre engagement <a href=\"https:\/\/www.domainesrichard.fr\/blog\/agroecologie-une-viticulture-engagee-au-service-de-la-nature\/\"><strong>dans nos vignes de Ch\u00e2teauneuf-du-Pape, o\u00f9 nous m\u00ealons viticulture biologique et agro\u00e9cologie<\/strong><\/a>, mais aussi de notre art de la vinification.<\/p>\n<p>En outre, pour d\u00e9voiler l\u2019\u00e2me du mill\u00e9sime\u00a0et de nos terroirs, nous utilisons prioritairement de grands volumes de bois, \u00e0 l\u2019image de nos foudres et demi-muids. Ces nobles contenants sont compl\u00e9t\u00e9s par quelques cuves et barriques de petite taille, abrit\u00e9es dans nos caves du XVI<sup>e<\/sup>\u00a0si\u00e8cle.<\/p>\n<p>Chacun de ces partis pris est d\u00e9cisif pour pr\u00e9server l\u2019identit\u00e9 de nos vins. Il vous est d\u2019ailleurs possible d\u2019explorer ces choix plus en d\u00e9tail lors d\u2019<strong><a href=\"https:\/\/www.domainesrichard.fr\/chateau-la-nerthe\/visite-et-degustation\/\">une passionnante visite de notre domaine viticole<\/a><\/strong>, accompagn\u00e9e de la d\u00e9gustation de nos Ch\u00e2teauneuf-du-Pape\u2026<\/p>\n<p>&nbsp;<\/p>\n<h2>Perp\u00e9tuer l\u2019h\u00e9ritage de la vinification au Ch\u00e2teau La Nerthe<\/h2>\n<p>\u00c0 nos yeux, la vinification est plus qu\u2019une simple \u00e9tape de production. Elle repr\u00e9sente un fabuleux patrimoine vinicole, que nous d\u00e9sirons prot\u00e9ger. La Cuv\u00e9e Ducos constitue ainsi l\u2019un des symboles de notre savoir-faire \u00e0 l\u2019histoire multicentenaire.<\/p>\n<h5>Joseph Ducos\u00a0: une inspiration majeure de notre travail<\/h5>\n<p><img decoding=\"async\" class=\"alignnone size-full wp-image-3310\" src=\"https:\/\/www.domainesrichard.fr\/wp-content\/uploads\/2024\/01\/Ducos.jpeg\" alt=\"\" width=\"215\" height=\"235\" \/><\/p>\n<p>La Cuv\u00e9e Ducos emprunte son nom au Commandant Joseph Ducos, qui <a href=\"https:\/\/www.domainesrichard.fr\/chateau-la-nerthe\/\"><strong>rach\u00e8te en 1877 le Ch\u00e2teau La Nerthe \u00e0 la famille Tulle de Villefranche<\/strong><\/a><strong>.<\/strong>Mais \u00e0 l\u2019\u00e9poque, le vignoble est ravag\u00e9 par le phyllox\u00e9ra.<\/p>\n<p>Joseph Ducos se d\u00e9voue enti\u00e8rement \u00e0 chercher un moyen de lutter contre le puceron parasite, qui d\u00e9truit toutes les racines sur son passage. Polytechnicien \u00e9m\u00e9rite, il d\u00e9cide d\u2019appliquer les travaux de l\u2019\u00e9cole d\u2019agriculture de Montpellier\u00a0: il est donc le premier \u00e0 introduire des vignes greff\u00e9es \u00e0 Ch\u00e2teauneuf-du-Pape.<\/p>\n<p>&nbsp;<\/p>\n<p>Sa pugnacit\u00e9 est bient\u00f4t r\u00e9compens\u00e9e, si bien que les autres vignerons de la r\u00e9gion ne tardent pas \u00e0 l\u2019imiter avec succ\u00e8s. Reconnu par ses pairs, Joseph Ducos deviendra par la suite maire du village de Ch\u00e2teauneuf-du-Pape, puis d\u00e9put\u00e9 du Vaucluse.<\/p>\n<p>&nbsp;<\/p>\n<h5>La Cuv\u00e9e Ducos\u00a0: un hommage aux talents de vinificateur du Commandant<\/h5>\n<p><img decoding=\"async\" class=\"alignnone size-medium wp-image-3312\" src=\"https:\/\/www.domainesrichard.fr\/wp-content\/uploads\/2024\/01\/3A4A9897-200x300.jpg\" alt=\"\" width=\"200\" height=\"300\" \/><\/p>\n<p>Au-del\u00e0 de son r\u00f4le pr\u00e9pond\u00e9rant dans la restauration du vignoble de notre r\u00e9gion, Joseph Ducos ma\u00eetrisait brillamment l\u2019art de la vinification.<\/p>\n<p>Plus particuli\u00e8rement, l\u2019une de ses \u00ab\u2009recettes\u2009\u00bb, bas\u00e9e sur dix c\u00e9pages, devint si embl\u00e9matique qu\u2019elle fut \u00e0 l\u2019origine de la s\u00e9lection des treize c\u00e9pages de l\u2019appellation Ch\u00e2teauneuf-du-Pape. Parmi ces vari\u00e9t\u00e9s se trouvent des c\u00e9pages rouges chaleureux et moelleux comme le Mourv\u00e8dre, le Grenache ou la Syrah, ou encore des c\u00e9pages blancs \u00e9l\u00e9gants et frais, tels la Clairette et le Picpoul.<\/p>\n<p>La Cuv\u00e9e Ducos s\u2019inspire de cet assemblage de vins iconique. Notre \u00e9quipe fa\u00e7onne cette cuv\u00e9e exp\u00e9rimentale chaque ann\u00e9e, \u00e0 partir des dix m\u00eames c\u00e9pages de Ch\u00e2teauneuf-du-Pape. Pour continuer \u00e0 transmettre aux g\u00e9n\u00e9rations futures cette tradition, la vendange est m\u00eame press\u00e9e \u00e0 l\u2019aide d\u2019un pressoir manuel, dans le plus pur respect du raisin et de notre terroir unique\u2026<\/p>\n<p>La vinification au Ch\u00e2teau La Nerthe, tout comme l\u2019\u00e9levage, n\u2019a jamais cess\u00e9 d\u2019\u00eatre l\u2019objet de toute notre attention. Ce soin minutieux et patient, nous vous invitons notamment \u00e0 en faire l\u2019exp\u00e9rience si vous venez <strong><a href=\"https:\/\/www.domainesrichard.fr\/blog\/inoubliable-une-visite-de-cave-a-chateauneuf-du-pape-lhiver\/\">visiter Ch\u00e2teauneuf-du-Pape en hiver<\/a><\/strong>\u00a0: notre \u00e9quipe vous guidera alors avec plaisir \u00e0 travers nos caves et notre histoire\u2026<\/p>","protected":false},"excerpt":{"rendered":"<p>Au c\u0153ur de la prestigieuse AOC Ch\u00e2teauneuf-du-Pape, le Ch\u00e2teau La Nerthe est en train d\u2019\u00e9crire un nouveau chapitre de son mill\u00e9sime\u00a02023\u00a0: l\u2019effervescence des vendanges a en effet laiss\u00e9 place \u00e0 la patiente magie de la vinification. Notre \u00e9quipe en cave s\u2019emploie d\u00e9sormais \u00e0 mettre en lumi\u00e8re la personnalit\u00e9 des raisins r\u00e9colt\u00e9s. Pour cela, elle peut [&hellip;]<\/p>","protected":false},"author":1,"featured_media":3526,"comment_status":"closed","ping_status":"closed","sticky":false,"template":"","format":"standard","meta":{"_acf_changed":false,"footnotes":""},"categories":[27,110],"tags":[],"class_list":["post-2636","post","type-post","status-publish","format-standard","has-post-thumbnail","hentry","category-chateau-la-nerthe","category-domaines-richard"],"acf":[],"yoast_head":"<!-- This site is optimized with the Yoast SEO plugin v27.5 - https:\/\/yoast.com\/product\/yoast-seo-wordpress\/ -->\n<title>La vinification au Ch\u00e2teau La Nerthe : une histoire, des terroirs - Ch\u00e2teau La Nerthe<\/title>\n<meta name=\"description\" content=\"En cave, l\u2019\u00e9quipe du Ch\u00e2teau La Nerthe \u00e9crit un nouveau chapitre de son mill\u00e9sime 2023 avec l\u2019\u00e9tape de la vinification. En voici quelques secrets\u2026\" \/>\n<meta name=\"robots\" content=\"index, follow, max-snippet:-1, max-image-preview:large, max-video-preview:-1\" \/>\n<link rel=\"canonical\" href=\"https:\/\/www.domainesrichard.fr\/blog\/la-vinification-au-chateau-la-nerthe-une-histoire-des-terroirs\/\" \/>\n<meta property=\"og:locale\" content=\"fr_FR\" \/>\n<meta property=\"og:type\" content=\"article\" \/>\n<meta property=\"og:title\" content=\"La vinification au Ch\u00e2teau La Nerthe : une histoire, des terroirs - Ch\u00e2teau La Nerthe\" \/>\n<meta property=\"og:description\" content=\"En cave, l\u2019\u00e9quipe du Ch\u00e2teau La Nerthe \u00e9crit un nouveau chapitre de son mill\u00e9sime 2023 avec l\u2019\u00e9tape de la vinification. En voici quelques secrets\u2026\" \/>\n<meta property=\"og:url\" content=\"https:\/\/www.domainesrichard.fr\/blog\/la-vinification-au-chateau-la-nerthe-une-histoire-des-terroirs\/\" \/>\n<meta property=\"og:site_name\" content=\"Ch\u00e2teau La Nerthe\" \/>\n<meta property=\"article:publisher\" content=\"https:\/\/www.facebook.com\/chateaulanerthe\" \/>\n<meta property=\"article:published_time\" content=\"2024-01-19T09:11:38+00:00\" \/>\n<meta property=\"article:modified_time\" content=\"2024-06-27T13:06:43+00:00\" \/>\n<meta property=\"og:image\" content=\"https:\/\/www.domainesrichard.fr\/chateau-la-nerthe\/wp-content\/uploads\/sites\/3\/2021\/11\/Chateau-la-nerthe-logo.png\" \/>\n\t<meta property=\"og:image:width\" content=\"600\" \/>\n\t<meta property=\"og:image:height\" content=\"248\" \/>\n\t<meta property=\"og:image:type\" content=\"image\/png\" \/>\n<meta name=\"author\" content=\"Yann Garcia\" \/>\n<meta name=\"twitter:card\" content=\"summary_large_image\" \/>\n<meta name=\"twitter:label1\" content=\"\u00c9crit par\" \/>\n\t<meta name=\"twitter:data1\" content=\"Yann Garcia\" \/>\n\t<meta name=\"twitter:label2\" content=\"Dur\u00e9e de lecture estim\u00e9e\" \/>\n\t<meta name=\"twitter:data2\" content=\"6 minutes\" \/>\n<script type=\"application\/ld+json\" class=\"yoast-schema-graph\">{\"@context\":\"https:\\\/\\\/schema.org\",\"@graph\":[{\"@type\":\"Article\",\"@id\":\"https:\\\/\\\/www.domainesrichard.fr\\\/blog\\\/la-vinification-au-chateau-la-nerthe-une-histoire-des-terroirs\\\/#article\",\"isPartOf\":{\"@id\":\"https:\\\/\\\/www.domainesrichard.fr\\\/chateau-la-nerthe\\\/la-vinification-au-chateau-la-nerthe-une-histoire-des-terroirs\\\/\"},\"author\":{\"name\":\"Yann Garcia\",\"@id\":\"https:\\\/\\\/www.domainesrichard.fr\\\/chateau-la-nerthe\\\/#\\\/schema\\\/person\\\/a7c8312635d89b47158fc007e2813aa6\"},\"headline\":\"La vinification au Ch\u00e2teau La Nerthe&nbsp;: une histoire, des terroirs\",\"datePublished\":\"2024-01-19T09:11:38+00:00\",\"dateModified\":\"2024-06-27T13:06:43+00:00\",\"mainEntityOfPage\":{\"@id\":\"https:\\\/\\\/www.domainesrichard.fr\\\/chateau-la-nerthe\\\/la-vinification-au-chateau-la-nerthe-une-histoire-des-terroirs\\\/\"},\"wordCount\":953,\"publisher\":{\"@id\":\"https:\\\/\\\/www.domainesrichard.fr\\\/chateau-la-nerthe\\\/#organization\"},\"image\":{\"@id\":\"https:\\\/\\\/www.domainesrichard.fr\\\/blog\\\/la-vinification-au-chateau-la-nerthe-une-histoire-des-terroirs\\\/#primaryimage\"},\"thumbnailUrl\":\"https:\\\/\\\/www.domainesrichard.fr\\\/chateau-la-nerthe\\\/wp-content\\\/uploads\\\/sites\\\/3\\\/2024\\\/06\\\/DJI_20231207090732_0008_D-scaled-19.jpg\",\"articleSection\":[\"Ch\u00e2teau la Nerthe\",\"Domaines Richard\"],\"inLanguage\":\"fr-FR\"},{\"@type\":\"WebPage\",\"@id\":\"https:\\\/\\\/www.domainesrichard.fr\\\/chateau-la-nerthe\\\/la-vinification-au-chateau-la-nerthe-une-histoire-des-terroirs\\\/\",\"url\":\"https:\\\/\\\/www.domainesrichard.fr\\\/blog\\\/la-vinification-au-chateau-la-nerthe-une-histoire-des-terroirs\\\/\",\"name\":\"La vinification au Ch\u00e2teau La Nerthe : une histoire, des terroirs - Ch\u00e2teau La Nerthe\",\"isPartOf\":{\"@id\":\"https:\\\/\\\/www.domainesrichard.fr\\\/chateau-la-nerthe\\\/#website\"},\"primaryImageOfPage\":{\"@id\":\"https:\\\/\\\/www.domainesrichard.fr\\\/blog\\\/la-vinification-au-chateau-la-nerthe-une-histoire-des-terroirs\\\/#primaryimage\"},\"image\":{\"@id\":\"https:\\\/\\\/www.domainesrichard.fr\\\/blog\\\/la-vinification-au-chateau-la-nerthe-une-histoire-des-terroirs\\\/#primaryimage\"},\"thumbnailUrl\":\"https:\\\/\\\/www.domainesrichard.fr\\\/chateau-la-nerthe\\\/wp-content\\\/uploads\\\/sites\\\/3\\\/2024\\\/06\\\/DJI_20231207090732_0008_D-scaled-19.jpg\",\"datePublished\":\"2024-01-19T09:11:38+00:00\",\"dateModified\":\"2024-06-27T13:06:43+00:00\",\"description\":\"En cave, l\u2019\u00e9quipe du Ch\u00e2teau La Nerthe \u00e9crit un nouveau chapitre de son mill\u00e9sime 2023 avec l\u2019\u00e9tape de la vinification. En voici quelques secrets\u2026\",\"inLanguage\":\"fr-FR\",\"potentialAction\":[{\"@type\":\"ReadAction\",\"target\":[\"https:\\\/\\\/www.domainesrichard.fr\\\/blog\\\/la-vinification-au-chateau-la-nerthe-une-histoire-des-terroirs\\\/\"]}]},{\"@type\":\"ImageObject\",\"inLanguage\":\"fr-FR\",\"@id\":\"https:\\\/\\\/www.domainesrichard.fr\\\/blog\\\/la-vinification-au-chateau-la-nerthe-une-histoire-des-terroirs\\\/#primaryimage\",\"url\":\"https:\\\/\\\/www.domainesrichard.fr\\\/chateau-la-nerthe\\\/wp-content\\\/uploads\\\/sites\\\/3\\\/2024\\\/06\\\/DJI_20231207090732_0008_D-scaled-19.jpg\",\"contentUrl\":\"https:\\\/\\\/www.domainesrichard.fr\\\/chateau-la-nerthe\\\/wp-content\\\/uploads\\\/sites\\\/3\\\/2024\\\/06\\\/DJI_20231207090732_0008_D-scaled-19.jpg\",\"width\":2560,\"height\":1919},{\"@type\":\"WebSite\",\"@id\":\"https:\\\/\\\/www.domainesrichard.fr\\\/chateau-la-nerthe\\\/#website\",\"url\":\"https:\\\/\\\/www.domainesrichard.fr\\\/chateau-la-nerthe\\\/\",\"name\":\"Ch\u00e2teau La Nerthe\",\"description\":\"Cinq si\u00e8cles d&#039;\u00e9l\u00e9gance\",\"publisher\":{\"@id\":\"https:\\\/\\\/www.domainesrichard.fr\\\/chateau-la-nerthe\\\/#organization\"},\"potentialAction\":[{\"@type\":\"SearchAction\",\"target\":{\"@type\":\"EntryPoint\",\"urlTemplate\":\"https:\\\/\\\/www.domainesrichard.fr\\\/chateau-la-nerthe\\\/?s={search_term_string}\"},\"query-input\":{\"@type\":\"PropertyValueSpecification\",\"valueRequired\":true,\"valueName\":\"search_term_string\"}}],\"inLanguage\":\"fr-FR\"},{\"@type\":\"Organization\",\"@id\":\"https:\\\/\\\/www.domainesrichard.fr\\\/chateau-la-nerthe\\\/#organization\",\"name\":\"Ch\u00e2teau la Nerthe\",\"url\":\"https:\\\/\\\/www.domainesrichard.fr\\\/chateau-la-nerthe\\\/\",\"logo\":{\"@type\":\"ImageObject\",\"inLanguage\":\"fr-FR\",\"@id\":\"https:\\\/\\\/www.domainesrichard.fr\\\/chateau-la-nerthe\\\/#\\\/schema\\\/logo\\\/image\\\/\",\"url\":\"https:\\\/\\\/www.domainesrichard.fr\\\/chateau-la-nerthe\\\/wp-content\\\/uploads\\\/sites\\\/3\\\/2021\\\/11\\\/Chateau-la-nerthe-logo.png\",\"contentUrl\":\"https:\\\/\\\/www.domainesrichard.fr\\\/chateau-la-nerthe\\\/wp-content\\\/uploads\\\/sites\\\/3\\\/2021\\\/11\\\/Chateau-la-nerthe-logo.png\",\"width\":600,\"height\":248,\"caption\":\"Ch\u00e2teau la Nerthe\"},\"image\":{\"@id\":\"https:\\\/\\\/www.domainesrichard.fr\\\/chateau-la-nerthe\\\/#\\\/schema\\\/logo\\\/image\\\/\"},\"sameAs\":[\"https:\\\/\\\/www.facebook.com\\\/chateaulanerthe\",\"https:\\\/\\\/www.instagram.com\\\/chateaulanerthe\\\/\",\"https:\\\/\\\/www.linkedin.com\\\/company\\\/domaines-richard\",\"https:\\\/\\\/www.youtube.com\\\/channel\\\/UCDjz3rnEynVj6l199P3Y9Cg\"]},{\"@type\":\"Person\",\"@id\":\"https:\\\/\\\/www.domainesrichard.fr\\\/chateau-la-nerthe\\\/#\\\/schema\\\/person\\\/a7c8312635d89b47158fc007e2813aa6\",\"name\":\"Yann Garcia\",\"sameAs\":[\"https:\\\/\\\/www.domainesrichard.fr\"]}]}<\/script>\n<!-- \/ Yoast SEO plugin. -->","yoast_head_json":{"title":"La vinification au Ch\u00e2teau La Nerthe : une histoire, des terroirs - Ch\u00e2teau La Nerthe","description":"En cave, l\u2019\u00e9quipe du Ch\u00e2teau La Nerthe \u00e9crit un nouveau chapitre de son mill\u00e9sime 2023 avec l\u2019\u00e9tape de la vinification. En voici quelques secrets\u2026","robots":{"index":"index","follow":"follow","max-snippet":"max-snippet:-1","max-image-preview":"max-image-preview:large","max-video-preview":"max-video-preview:-1"},"canonical":"https:\/\/www.domainesrichard.fr\/blog\/la-vinification-au-chateau-la-nerthe-une-histoire-des-terroirs\/","og_locale":"fr_FR","og_type":"article","og_title":"La vinification au Ch\u00e2teau La Nerthe : une histoire, des terroirs - Ch\u00e2teau La Nerthe","og_description":"En cave, l\u2019\u00e9quipe du Ch\u00e2teau La Nerthe \u00e9crit un nouveau chapitre de son mill\u00e9sime 2023 avec l\u2019\u00e9tape de la vinification. En voici quelques secrets\u2026","og_url":"https:\/\/www.domainesrichard.fr\/blog\/la-vinification-au-chateau-la-nerthe-une-histoire-des-terroirs\/","og_site_name":"Ch\u00e2teau La Nerthe","article_publisher":"https:\/\/www.facebook.com\/chateaulanerthe","article_published_time":"2024-01-19T09:11:38+00:00","article_modified_time":"2024-06-27T13:06:43+00:00","og_image":[{"width":600,"height":248,"url":"https:\/\/www.domainesrichard.fr\/chateau-la-nerthe\/wp-content\/uploads\/sites\/3\/2021\/11\/Chateau-la-nerthe-logo.png","type":"image\/png"}],"author":"Yann Garcia","twitter_card":"summary_large_image","twitter_misc":{"\u00c9crit par":"Yann Garcia","Dur\u00e9e de lecture estim\u00e9e":"6 minutes"},"schema":{"@context":"https:\/\/schema.org","@graph":[{"@type":"Article","@id":"https:\/\/www.domainesrichard.fr\/blog\/la-vinification-au-chateau-la-nerthe-une-histoire-des-terroirs\/#article","isPartOf":{"@id":"https:\/\/www.domainesrichard.fr\/chateau-la-nerthe\/la-vinification-au-chateau-la-nerthe-une-histoire-des-terroirs\/"},"author":{"name":"Yann Garcia","@id":"https:\/\/www.domainesrichard.fr\/chateau-la-nerthe\/#\/schema\/person\/a7c8312635d89b47158fc007e2813aa6"},"headline":"La vinification au Ch\u00e2teau La Nerthe&nbsp;: une histoire, des terroirs","datePublished":"2024-01-19T09:11:38+00:00","dateModified":"2024-06-27T13:06:43+00:00","mainEntityOfPage":{"@id":"https:\/\/www.domainesrichard.fr\/chateau-la-nerthe\/la-vinification-au-chateau-la-nerthe-une-histoire-des-terroirs\/"},"wordCount":953,"publisher":{"@id":"https:\/\/www.domainesrichard.fr\/chateau-la-nerthe\/#organization"},"image":{"@id":"https:\/\/www.domainesrichard.fr\/blog\/la-vinification-au-chateau-la-nerthe-une-histoire-des-terroirs\/#primaryimage"},"thumbnailUrl":"https:\/\/www.domainesrichard.fr\/chateau-la-nerthe\/wp-content\/uploads\/sites\/3\/2024\/06\/DJI_20231207090732_0008_D-scaled-19.jpg","articleSection":["Ch\u00e2teau la Nerthe","Domaines Richard"],"inLanguage":"fr-FR"},{"@type":"WebPage","@id":"https:\/\/www.domainesrichard.fr\/chateau-la-nerthe\/la-vinification-au-chateau-la-nerthe-une-histoire-des-terroirs\/","url":"https:\/\/www.domainesrichard.fr\/blog\/la-vinification-au-chateau-la-nerthe-une-histoire-des-terroirs\/","name":"La vinification au Ch\u00e2teau La Nerthe : une histoire, des terroirs - Ch\u00e2teau La Nerthe","isPartOf":{"@id":"https:\/\/www.domainesrichard.fr\/chateau-la-nerthe\/#website"},"primaryImageOfPage":{"@id":"https:\/\/www.domainesrichard.fr\/blog\/la-vinification-au-chateau-la-nerthe-une-histoire-des-terroirs\/#primaryimage"},"image":{"@id":"https:\/\/www.domainesrichard.fr\/blog\/la-vinification-au-chateau-la-nerthe-une-histoire-des-terroirs\/#primaryimage"},"thumbnailUrl":"https:\/\/www.domainesrichard.fr\/chateau-la-nerthe\/wp-content\/uploads\/sites\/3\/2024\/06\/DJI_20231207090732_0008_D-scaled-19.jpg","datePublished":"2024-01-19T09:11:38+00:00","dateModified":"2024-06-27T13:06:43+00:00","description":"En cave, l\u2019\u00e9quipe du Ch\u00e2teau La Nerthe \u00e9crit un nouveau chapitre de son mill\u00e9sime 2023 avec l\u2019\u00e9tape de la vinification. En voici quelques secrets\u2026","inLanguage":"fr-FR","potentialAction":[{"@type":"ReadAction","target":["https:\/\/www.domainesrichard.fr\/blog\/la-vinification-au-chateau-la-nerthe-une-histoire-des-terroirs\/"]}]},{"@type":"ImageObject","inLanguage":"fr-FR","@id":"https:\/\/www.domainesrichard.fr\/blog\/la-vinification-au-chateau-la-nerthe-une-histoire-des-terroirs\/#primaryimage","url":"https:\/\/www.domainesrichard.fr\/chateau-la-nerthe\/wp-content\/uploads\/sites\/3\/2024\/06\/DJI_20231207090732_0008_D-scaled-19.jpg","contentUrl":"https:\/\/www.domainesrichard.fr\/chateau-la-nerthe\/wp-content\/uploads\/sites\/3\/2024\/06\/DJI_20231207090732_0008_D-scaled-19.jpg","width":2560,"height":1919},{"@type":"WebSite","@id":"https:\/\/www.domainesrichard.fr\/chateau-la-nerthe\/#website","url":"https:\/\/www.domainesrichard.fr\/chateau-la-nerthe\/","name":"Ch\u00e2teau La Nerthe","description":"Cinq si\u00e8cles d&#039;\u00e9l\u00e9gance","publisher":{"@id":"https:\/\/www.domainesrichard.fr\/chateau-la-nerthe\/#organization"},"potentialAction":[{"@type":"SearchAction","target":{"@type":"EntryPoint","urlTemplate":"https:\/\/www.domainesrichard.fr\/chateau-la-nerthe\/?s={search_term_string}"},"query-input":{"@type":"PropertyValueSpecification","valueRequired":true,"valueName":"search_term_string"}}],"inLanguage":"fr-FR"},{"@type":"Organization","@id":"https:\/\/www.domainesrichard.fr\/chateau-la-nerthe\/#organization","name":"Ch\u00e2teau la Nerthe","url":"https:\/\/www.domainesrichard.fr\/chateau-la-nerthe\/","logo":{"@type":"ImageObject","inLanguage":"fr-FR","@id":"https:\/\/www.domainesrichard.fr\/chateau-la-nerthe\/#\/schema\/logo\/image\/","url":"https:\/\/www.domainesrichard.fr\/chateau-la-nerthe\/wp-content\/uploads\/sites\/3\/2021\/11\/Chateau-la-nerthe-logo.png","contentUrl":"https:\/\/www.domainesrichard.fr\/chateau-la-nerthe\/wp-content\/uploads\/sites\/3\/2021\/11\/Chateau-la-nerthe-logo.png","width":600,"height":248,"caption":"Ch\u00e2teau la Nerthe"},"image":{"@id":"https:\/\/www.domainesrichard.fr\/chateau-la-nerthe\/#\/schema\/logo\/image\/"},"sameAs":["https:\/\/www.facebook.com\/chateaulanerthe","https:\/\/www.instagram.com\/chateaulanerthe\/","https:\/\/www.linkedin.com\/company\/domaines-richard","https:\/\/www.youtube.com\/channel\/UCDjz3rnEynVj6l199P3Y9Cg"]},{"@type":"Person","@id":"https:\/\/www.domainesrichard.fr\/chateau-la-nerthe\/#\/schema\/person\/a7c8312635d89b47158fc007e2813aa6","name":"Yann Garcia","sameAs":["https:\/\/www.domainesrichard.fr"]}]}},"_links":{"self":[{"href":"https:\/\/www.domainesrichard.fr\/chateau-la-nerthe\/wp-json\/wp\/v2\/posts\/2636","targetHints":{"allow":["GET"]}}],"collection":[{"href":"https:\/\/www.domainesrichard.fr\/chateau-la-nerthe\/wp-json\/wp\/v2\/posts"}],"about":[{"href":"https:\/\/www.domainesrichard.fr\/chateau-la-nerthe\/wp-json\/wp\/v2\/types\/post"}],"author":[{"embeddable":true,"href":"https:\/\/www.domainesrichard.fr\/chateau-la-nerthe\/wp-json\/wp\/v2\/users\/1"}],"replies":[{"embeddable":true,"href":"https:\/\/www.domainesrichard.fr\/chateau-la-nerthe\/wp-json\/wp\/v2\/comments?post=2636"}],"version-history":[{"count":2,"href":"https:\/\/www.domainesrichard.fr\/chateau-la-nerthe\/wp-json\/wp\/v2\/posts\/2636\/revisions"}],"predecessor-version":[{"id":3379,"href":"https:\/\/www.domainesrichard.fr\/chateau-la-nerthe\/wp-json\/wp\/v2\/posts\/2636\/revisions\/3379"}],"wp:featuredmedia":[{"embeddable":true,"href":"https:\/\/www.domainesrichard.fr\/chateau-la-nerthe\/wp-json\/wp\/v2\/media\/3526"}],"wp:attachment":[{"href":"https:\/\/www.domainesrichard.fr\/chateau-la-nerthe\/wp-json\/wp\/v2\/media?parent=2636"}],"wp:term":[{"taxonomy":"category","embeddable":true,"href":"https:\/\/www.domainesrichard.fr\/chateau-la-nerthe\/wp-json\/wp\/v2\/categories?post=2636"},{"taxonomy":"post_tag","embeddable":true,"href":"https:\/\/www.domainesrichard.fr\/chateau-la-nerthe\/wp-json\/wp\/v2\/tags?post=2636"}],"curies":[{"name":"wp","href":"https:\/\/api.w.org\/{rel}","templated":true}]}}