{"id":1501,"date":"2022-10-18T11:01:55","date_gmt":"2022-10-18T09:01:55","guid":{"rendered":"https:\/\/www.domainesrichard.fr\/?p=1501"},"modified":"2022-10-20T10:19:22","modified_gmt":"2022-10-20T08:19:22","slug":"chateau-la-nerthe-in-the-cellar","status":"publish","type":"post","link":"https:\/\/www.domainesrichard.fr\/en\/blog\/chateau-la-nerthe-in-the-cellar\/","title":{"rendered":"Ch\u00e2teau La Nerthe&nbsp;: In the Cellar"},"content":{"rendered":"<p>It is in the castle&#8217;s cellars that the work conducted with precision in the vineyard continues. The vineyard&#8217;s 57 parcels are vinified separately to reveal their unique identity. Every year, the cellar team grows during this period to help Bruno Mathieu, our cellar master, create the wines of Ch\u00e2teau La Nerthe. Vintage after vintage, the seasonal workers immerse themselves in the estate&#8217;s philosophy and participate in every stage of winemaking and aging. This allows them to gain experience while we benefit from their expertise and the know-how they bring to the great terroir of Ch\u00e2teau La Nerthe.<\/p>\n<p>This year we are proud to have six new talents on our team (from left to right): Charlotte Serve, Claire Commaille, Malaurie Lorentz, Pauline Comin, Elorine Baroni, and Chlo\u00e9 Fraisse.<\/p>\n<p><img decoding=\"async\" class=\"alignnone size-large wp-image-1478\" src=\"https:\/\/www.domainesrichard.fr\/chateau-de-corcelles\/wp-content\/uploads\/2022\/10\/Saisonniers-cave-Nerthe-2022-1024x682.jpg\" alt=\"Saisonniers-cave-Nerthe-2022\" width=\"1024\" height=\"682\" srcset=\"https:\/\/www.domainesrichard.fr\/wp-content\/uploads\/2022\/10\/Saisonniers-cave-Nerthe-2022-1024x682.jpg 1024w, https:\/\/www.domainesrichard.fr\/wp-content\/uploads\/2022\/10\/Saisonniers-cave-Nerthe-2022-300x200.jpg 300w, https:\/\/www.domainesrichard.fr\/wp-content\/uploads\/2022\/10\/Saisonniers-cave-Nerthe-2022-768x512.jpg 768w, https:\/\/www.domainesrichard.fr\/wp-content\/uploads\/2022\/10\/Saisonniers-cave-Nerthe-2022.jpg 2000w\" sizes=\"(max-width: 1024px) 100vw, 1024px\" \/><\/p>\n<p><img decoding=\"async\" class=\"alignnone size-medium wp-image-1484\" src=\"https:\/\/www.domainesrichard.fr\/chateau-de-corcelles\/wp-content\/uploads\/2022\/10\/Charlotte-SERVE-Ch-La-Nerthe-1-200x300.jpg\" alt=\" Charlotte-SERVE-Ch-La-Nerthe-1\" width=\"200\" height=\"300\" srcset=\"https:\/\/www.domainesrichard.fr\/wp-content\/uploads\/2022\/10\/Charlotte-SERVE-Ch-La-Nerthe-1-200x300.jpg 200w, https:\/\/www.domainesrichard.fr\/wp-content\/uploads\/2022\/10\/Charlotte-SERVE-Ch-La-Nerthe-1-683x1024.jpg 683w, https:\/\/www.domainesrichard.fr\/wp-content\/uploads\/2022\/10\/Charlotte-SERVE-Ch-La-Nerthe-1-768x1152.jpg 768w, https:\/\/www.domainesrichard.fr\/wp-content\/uploads\/2022\/10\/Charlotte-SERVE-Ch-La-Nerthe-1.jpg 1500w\" sizes=\"(max-width: 200px) 100vw, 200px\" \/><\/p>\n<p><strong>Charlotte Serve<\/strong> &#8211; 34 years old &#8211; Native of Rhone<br \/>\nDuring her ten years of experience in wine export in the USA, Charlotte had the opportunity to make wine in New Zealand, Burgundy, and the Loire Valley. In 2020 the Trump tax and Covid pushed her to switch to the technical side. She then undertook a National Professional Degree (BTS) in viticulture and enology to perfect her already well-advanced knowledge. She then realized her 4th vinification at Ch\u00e2teau La Nerthe before starting her training as a tractor driver with the ultimate goal of becoming a vineyard manager, then estate manager.<\/p>\n<p><img decoding=\"async\" class=\"alignnone size-medium wp-image-1486\" src=\"https:\/\/www.domainesrichard.fr\/chateau-de-corcelles\/wp-content\/uploads\/2022\/10\/Claire-COMMAILLE-Ch-La-Nerthe-200x300.jpg\" alt=\"Claire-COMMAILLE-Ch-La-Nerthe\" width=\"200\" height=\"300\" srcset=\"https:\/\/www.domainesrichard.fr\/wp-content\/uploads\/2022\/10\/Claire-COMMAILLE-Ch-La-Nerthe-200x300.jpg 200w, https:\/\/www.domainesrichard.fr\/wp-content\/uploads\/2022\/10\/Claire-COMMAILLE-Ch-La-Nerthe-683x1024.jpg 683w, https:\/\/www.domainesrichard.fr\/wp-content\/uploads\/2022\/10\/Claire-COMMAILLE-Ch-La-Nerthe-768x1152.jpg 768w, https:\/\/www.domainesrichard.fr\/wp-content\/uploads\/2022\/10\/Claire-COMMAILLE-Ch-La-Nerthe.jpg 1500w\" sizes=\"(max-width: 200px) 100vw, 200px\" \/><\/p>\n<p><strong>Claire Commaille<\/strong> \u2013 33 years old &#8211; Native of Burgundy<br \/>\nLike Charlotte, Claire entered the world of wine through the commercial sector. After ten years of experience in export (English market) and with private customers, she decided to focus on the technical aspect that she has already had the opportunity to experience in several countries around the world: Australia, New Zealand, Germany, Italy, Portugal and in different French wine regions like Burgundy, Rh\u00f4ne, and the Loire. She has joined the Ch\u00e2teau La Nerthe team for the season before embarking on a National Professional Degree (BTS) in viticulture, enology, or Agricultural Company Management (BP REA), with plans to open her own wine estate.<\/p>\n<p><img decoding=\"async\" class=\"alignnone size-medium wp-image-1489\" src=\"https:\/\/www.domainesrichard.fr\/chateau-de-corcelles\/wp-content\/uploads\/2022\/10\/Malorie-LORENTZ-Ch-La-Nerthe--200x300.jpg\" alt=\"Malorie-LORENTZ-Ch-La-Nerthe\" width=\"200\" height=\"300\" srcset=\"https:\/\/www.domainesrichard.fr\/wp-content\/uploads\/2022\/10\/Malorie-LORENTZ-Ch-La-Nerthe--200x300.jpg 200w, https:\/\/www.domainesrichard.fr\/wp-content\/uploads\/2022\/10\/Malorie-LORENTZ-Ch-La-Nerthe--683x1024.jpg 683w, https:\/\/www.domainesrichard.fr\/wp-content\/uploads\/2022\/10\/Malorie-LORENTZ-Ch-La-Nerthe--768x1152.jpg 768w, https:\/\/www.domainesrichard.fr\/wp-content\/uploads\/2022\/10\/Malorie-LORENTZ-Ch-La-Nerthe-.jpg 1500w\" sizes=\"(max-width: 200px) 100vw, 200px\" \/><\/p>\n<p><strong>Malaurie Lorentz <\/strong>&#8211; 24 years old &#8211; Native of Alsace<br \/>\nAfter an Agri-food degree and a bachelor&#8217;s in chemistry, punctuated by several experiences in an enological analysis laboratory and cellars in Alsace and Bordeaux, Malorie validated her National Diploma in Oenology and joined the Ch\u00e2teau La Nerthe team. After the season, she will set sail for New Zealand before returning to the northern Rhone Valley, where she wants to specialize in viticulture and enology consulting.<\/p>\n<p><img decoding=\"async\" class=\"alignnone size-medium wp-image-1491\" src=\"https:\/\/www.domainesrichard.fr\/chateau-de-corcelles\/wp-content\/uploads\/2022\/10\/Pauline_COMIN_Ch_La_Nerthe--200x300.jpg\" alt=\"Pauline_COMIN_Ch_La_Nerthe\" width=\"200\" height=\"300\" srcset=\"https:\/\/www.domainesrichard.fr\/wp-content\/uploads\/2022\/10\/Pauline_COMIN_Ch_La_Nerthe--200x300.jpg 200w, https:\/\/www.domainesrichard.fr\/wp-content\/uploads\/2022\/10\/Pauline_COMIN_Ch_La_Nerthe--683x1024.jpg 683w, https:\/\/www.domainesrichard.fr\/wp-content\/uploads\/2022\/10\/Pauline_COMIN_Ch_La_Nerthe--768x1152.jpg 768w, https:\/\/www.domainesrichard.fr\/wp-content\/uploads\/2022\/10\/Pauline_COMIN_Ch_La_Nerthe-.jpg 1500w\" sizes=\"(max-width: 200px) 100vw, 200px\" \/><\/p>\n<p><strong>Pauline Comin<\/strong> &#8211; 24 years old &#8211; Native of Bordeaux<br \/>\nAfter a National Professional Degree (BTS) in agricultural, biological and biotechnological analysis with a minor in enology, Pauline joined the Bordeaux School of Agricultural Engineering specializing in viticulture and enology. She is currently completing her final internship at Ch\u00e2teau La Nerthe to complete her thesis on &#8220;decision-making tools,&#8221; aimed at reducing our environmental impact. She has also just obtained the National Diploma of Enology from Bordeaux. After the season, she would like to experience winemaking in the southern hemisphere.<\/p>\n<p><img decoding=\"async\" class=\"alignnone size-medium wp-image-1493\" src=\"https:\/\/www.domainesrichard.fr\/chateau-de-corcelles\/wp-content\/uploads\/2022\/10\/Elorine_BARONI_Ch_La_Nerthe--200x300.jpg\" alt=\"\" width=\"200\" height=\"300\" srcset=\"https:\/\/www.domainesrichard.fr\/wp-content\/uploads\/2022\/10\/Elorine_BARONI_Ch_La_Nerthe--200x300.jpg 200w, https:\/\/www.domainesrichard.fr\/wp-content\/uploads\/2022\/10\/Elorine_BARONI_Ch_La_Nerthe--683x1024.jpg 683w, https:\/\/www.domainesrichard.fr\/wp-content\/uploads\/2022\/10\/Elorine_BARONI_Ch_La_Nerthe--768x1152.jpg 768w, https:\/\/www.domainesrichard.fr\/wp-content\/uploads\/2022\/10\/Elorine_BARONI_Ch_La_Nerthe-.jpg 1500w\" sizes=\"(max-width: 200px) 100vw, 200px\" \/><\/p>\n<p><strong>Elorine Baroni<\/strong> &#8211; 20 years old &#8211; Native of the southern Rhone Valley<br \/>\nA student at the Avignon Agribusiness Agronomy Engineering School, Elorine is doing a three-year work-study at Ch\u00e2teau La Nerthe. Her main mission is managing the CSR project, but she also assists in the cellar.<\/p>\n<p><img decoding=\"async\" class=\"alignnone size-medium wp-image-1495\" src=\"https:\/\/www.domainesrichard.fr\/chateau-de-corcelles\/wp-content\/uploads\/2022\/10\/Chloe\u0301_FRAISSE_Ch_La_Nerthe--200x300.jpg\" alt=\"Chloe\u0301_FRAISSE_Ch_La_Nerthe\" width=\"200\" height=\"300\" srcset=\"https:\/\/www.domainesrichard.fr\/wp-content\/uploads\/2022\/10\/Chloe\u0301_FRAISSE_Ch_La_Nerthe--200x300.jpg 200w, https:\/\/www.domainesrichard.fr\/wp-content\/uploads\/2022\/10\/Chloe\u0301_FRAISSE_Ch_La_Nerthe--683x1024.jpg 683w, https:\/\/www.domainesrichard.fr\/wp-content\/uploads\/2022\/10\/Chloe\u0301_FRAISSE_Ch_La_Nerthe--768x1152.jpg 768w, https:\/\/www.domainesrichard.fr\/wp-content\/uploads\/2022\/10\/Chloe\u0301_FRAISSE_Ch_La_Nerthe-.jpg 1500w\" sizes=\"(max-width: 200px) 100vw, 200px\" \/><\/p>\n<p><strong>Chlo\u00e9 Fraisse<\/strong> &#8211; 27 years old &#8211; Native of Languedoc<br \/>\nChlo\u00e9 started her career in medical social work and eventually headed for the world of wine. In parallel with her National Professional Diploma (BTS) in viticulture and enology, she completed her work-study as an employee of a wine estate, allowing her to gain experience in the technical space (viticulture and enology) as well as the administrative and commercial aspects of the business. After an additional experience in a wine estate focusing on the vine and the cellar, she joined the Ch\u00e2teau La Nerthe team for the 2022 vinifications. Her goal is to integrate an agricultural engineering school and experience the different wine regions of France and the world by juggling two annual vinifications between the southern and northern hemispheres, to then become a cellar master.<\/p>","protected":false},"excerpt":{"rendered":"<p>Discover the six new talents that make up the cellar team for the vinification of the 2022 vintage at Ch\u00e2teau La Nerthe.<\/p>","protected":false},"author":5,"featured_media":1500,"comment_status":"closed","ping_status":"closed","sticky":false,"template":"","format":"standard","meta":{"_acf_changed":false,"footnotes":""},"categories":[34,60],"tags":[],"class_list":["post-1501","post","type-post","status-publish","format-standard","has-post-thumbnail","hentry","category-chateau-la-nerthe-en","category-domaines-richard-en"],"acf":[],"yoast_head":"<!-- This site is optimized with the Yoast SEO plugin v27.5 - https:\/\/yoast.com\/product\/yoast-seo-wordpress\/ -->\n<title>Ch\u00e2teau La Nerthe : In the Cellar - Domaines Richard<\/title>\n<meta name=\"description\" content=\"Discover the six new talents that make up the cellar team for the vinification of the 2022 vintage at Ch\u00e2teau La Nerthe.\" \/>\n<meta name=\"robots\" content=\"index, follow, max-snippet:-1, max-image-preview:large, max-video-preview:-1\" \/>\n<link rel=\"canonical\" href=\"https:\/\/www.domainesrichard.fr\/en\/blog\/chateau-la-nerthe-in-the-cellar\/\" \/>\n<meta property=\"og:locale\" content=\"en_US\" \/>\n<meta property=\"og:type\" content=\"article\" \/>\n<meta property=\"og:title\" content=\"Ch\u00e2teau La Nerthe : In the Cellar - Domaines Richard\" \/>\n<meta property=\"og:description\" content=\"Discover the six new talents that make up the cellar team for the vinification of the 2022 vintage at Ch\u00e2teau La Nerthe.\" \/>\n<meta property=\"og:url\" content=\"https:\/\/www.domainesrichard.fr\/en\/blog\/chateau-la-nerthe-in-the-cellar\/\" \/>\n<meta property=\"og:site_name\" content=\"Domaines Richard\" \/>\n<meta property=\"article:publisher\" content=\"https:\/\/www.facebook.com\/domainesrichard\" \/>\n<meta property=\"article:published_time\" content=\"2022-10-18T09:01:55+00:00\" \/>\n<meta property=\"article:modified_time\" content=\"2022-10-20T08:19:22+00:00\" \/>\n<meta property=\"og:image\" content=\"https:\/\/www.domainesrichard.fr\/wp-content\/uploads\/2022\/10\/e\u0301quipe_cave_Nerthe.jpg\" \/>\n\t<meta property=\"og:image:width\" content=\"1500\" \/>\n\t<meta property=\"og:image:height\" content=\"1000\" \/>\n\t<meta property=\"og:image:type\" content=\"image\/jpeg\" \/>\n<meta name=\"author\" content=\"Myrtille Chekhar\" \/>\n<meta name=\"twitter:card\" content=\"summary_large_image\" \/>\n<meta name=\"twitter:label1\" content=\"Written by\" \/>\n\t<meta name=\"twitter:data1\" content=\"Myrtille Chekhar\" \/>\n\t<meta name=\"twitter:label2\" content=\"Est. reading time\" \/>\n\t<meta name=\"twitter:data2\" content=\"5 minutes\" \/>\n<script type=\"application\/ld+json\" class=\"yoast-schema-graph\">{\"@context\":\"https:\\\/\\\/schema.org\",\"@graph\":[{\"@type\":\"Article\",\"@id\":\"https:\\\/\\\/www.domainesrichard.fr\\\/en\\\/blog\\\/chateau-la-nerthe-in-the-cellar\\\/#article\",\"isPartOf\":{\"@id\":\"https:\\\/\\\/www.domainesrichard.fr\\\/en\\\/blog\\\/chateau-la-nerthe-in-the-cellar\\\/\"},\"author\":{\"name\":\"Myrtille Chekhar\",\"@id\":\"https:\\\/\\\/www.domainesrichard.fr\\\/en\\\/#\\\/schema\\\/person\\\/ec492718d2853a62bb48a08a78858b5c\"},\"headline\":\"Ch\u00e2teau La Nerthe&nbsp;: In the Cellar\",\"datePublished\":\"2022-10-18T09:01:55+00:00\",\"dateModified\":\"2022-10-20T08:19:22+00:00\",\"mainEntityOfPage\":{\"@id\":\"https:\\\/\\\/www.domainesrichard.fr\\\/en\\\/blog\\\/chateau-la-nerthe-in-the-cellar\\\/\"},\"wordCount\":695,\"publisher\":{\"@id\":\"https:\\\/\\\/www.domainesrichard.fr\\\/en\\\/#organization\"},\"image\":{\"@id\":\"https:\\\/\\\/www.domainesrichard.fr\\\/en\\\/blog\\\/chateau-la-nerthe-in-the-cellar\\\/#primaryimage\"},\"thumbnailUrl\":\"https:\\\/\\\/www.domainesrichard.fr\\\/wp-content\\\/uploads\\\/2022\\\/10\\\/e\u0301quipe_cave_Nerthe.jpg\",\"articleSection\":[\"Ch\u00e2teau la Nerthe\",\"Domaines Richard\"],\"inLanguage\":\"en-US\"},{\"@type\":\"WebPage\",\"@id\":\"https:\\\/\\\/www.domainesrichard.fr\\\/en\\\/blog\\\/chateau-la-nerthe-in-the-cellar\\\/\",\"url\":\"https:\\\/\\\/www.domainesrichard.fr\\\/en\\\/blog\\\/chateau-la-nerthe-in-the-cellar\\\/\",\"name\":\"Ch\u00e2teau La Nerthe : In the Cellar - Domaines Richard\",\"isPartOf\":{\"@id\":\"https:\\\/\\\/www.domainesrichard.fr\\\/en\\\/#website\"},\"primaryImageOfPage\":{\"@id\":\"https:\\\/\\\/www.domainesrichard.fr\\\/en\\\/blog\\\/chateau-la-nerthe-in-the-cellar\\\/#primaryimage\"},\"image\":{\"@id\":\"https:\\\/\\\/www.domainesrichard.fr\\\/en\\\/blog\\\/chateau-la-nerthe-in-the-cellar\\\/#primaryimage\"},\"thumbnailUrl\":\"https:\\\/\\\/www.domainesrichard.fr\\\/wp-content\\\/uploads\\\/2022\\\/10\\\/e\u0301quipe_cave_Nerthe.jpg\",\"datePublished\":\"2022-10-18T09:01:55+00:00\",\"dateModified\":\"2022-10-20T08:19:22+00:00\",\"description\":\"Discover the six new talents that make up the cellar team for the vinification of the 2022 vintage at Ch\u00e2teau La Nerthe.\",\"breadcrumb\":{\"@id\":\"https:\\\/\\\/www.domainesrichard.fr\\\/en\\\/blog\\\/chateau-la-nerthe-in-the-cellar\\\/#breadcrumb\"},\"inLanguage\":\"en-US\",\"potentialAction\":[{\"@type\":\"ReadAction\",\"target\":[\"https:\\\/\\\/www.domainesrichard.fr\\\/en\\\/blog\\\/chateau-la-nerthe-in-the-cellar\\\/\"]}]},{\"@type\":\"ImageObject\",\"inLanguage\":\"en-US\",\"@id\":\"https:\\\/\\\/www.domainesrichard.fr\\\/en\\\/blog\\\/chateau-la-nerthe-in-the-cellar\\\/#primaryimage\",\"url\":\"https:\\\/\\\/www.domainesrichard.fr\\\/wp-content\\\/uploads\\\/2022\\\/10\\\/e\u0301quipe_cave_Nerthe.jpg\",\"contentUrl\":\"https:\\\/\\\/www.domainesrichard.fr\\\/wp-content\\\/uploads\\\/2022\\\/10\\\/e\u0301quipe_cave_Nerthe.jpg\",\"width\":1500,\"height\":1000,\"caption\":\"e\u0301quipe_cave_Nerthe\"},{\"@type\":\"BreadcrumbList\",\"@id\":\"https:\\\/\\\/www.domainesrichard.fr\\\/en\\\/blog\\\/chateau-la-nerthe-in-the-cellar\\\/#breadcrumb\",\"itemListElement\":[{\"@type\":\"ListItem\",\"position\":1,\"name\":\"Home\",\"item\":\"https:\\\/\\\/www.domainesrichard.fr\\\/en\\\/\"},{\"@type\":\"ListItem\",\"position\":2,\"name\":\"Ch\u00e2teau La Nerthe&nbsp;: In the Cellar\"}]},{\"@type\":\"WebSite\",\"@id\":\"https:\\\/\\\/www.domainesrichard.fr\\\/en\\\/#website\",\"url\":\"https:\\\/\\\/www.domainesrichard.fr\\\/en\\\/\",\"name\":\"Domaines Richard\",\"description\":\"Imaginer, R\u00e9v\u00e9ler, Pr\u00e9server\",\"publisher\":{\"@id\":\"https:\\\/\\\/www.domainesrichard.fr\\\/en\\\/#organization\"},\"potentialAction\":[{\"@type\":\"SearchAction\",\"target\":{\"@type\":\"EntryPoint\",\"urlTemplate\":\"https:\\\/\\\/www.domainesrichard.fr\\\/en\\\/?s={search_term_string}\"},\"query-input\":{\"@type\":\"PropertyValueSpecification\",\"valueRequired\":true,\"valueName\":\"search_term_string\"}}],\"inLanguage\":\"en-US\"},{\"@type\":\"Organization\",\"@id\":\"https:\\\/\\\/www.domainesrichard.fr\\\/en\\\/#organization\",\"name\":\"Domaines Richard\",\"url\":\"https:\\\/\\\/www.domainesrichard.fr\\\/en\\\/\",\"logo\":{\"@type\":\"ImageObject\",\"inLanguage\":\"en-US\",\"@id\":\"https:\\\/\\\/www.domainesrichard.fr\\\/en\\\/#\\\/schema\\\/logo\\\/image\\\/\",\"url\":\"https:\\\/\\\/www.domainesrichard.fr\\\/wp-content\\\/uploads\\\/2021\\\/10\\\/favicon.png\",\"contentUrl\":\"https:\\\/\\\/www.domainesrichard.fr\\\/wp-content\\\/uploads\\\/2021\\\/10\\\/favicon.png\",\"width\":512,\"height\":512,\"caption\":\"Domaines Richard\"},\"image\":{\"@id\":\"https:\\\/\\\/www.domainesrichard.fr\\\/en\\\/#\\\/schema\\\/logo\\\/image\\\/\"},\"sameAs\":[\"https:\\\/\\\/www.facebook.com\\\/domainesrichard\",\"https:\\\/\\\/www.instagram.com\\\/domainesrichard\",\"https:\\\/\\\/www.linkedin.com\\\/company\\\/domaines-richard\"]},{\"@type\":\"Person\",\"@id\":\"https:\\\/\\\/www.domainesrichard.fr\\\/en\\\/#\\\/schema\\\/person\\\/ec492718d2853a62bb48a08a78858b5c\",\"name\":\"Myrtille Chekhar\"}]}<\/script>\n<!-- \/ Yoast SEO plugin. -->","yoast_head_json":{"title":"Ch\u00e2teau La Nerthe : In the Cellar - Domaines Richard","description":"Discover the six new talents that make up the cellar team for the vinification of the 2022 vintage at Ch\u00e2teau La Nerthe.","robots":{"index":"index","follow":"follow","max-snippet":"max-snippet:-1","max-image-preview":"max-image-preview:large","max-video-preview":"max-video-preview:-1"},"canonical":"https:\/\/www.domainesrichard.fr\/en\/blog\/chateau-la-nerthe-in-the-cellar\/","og_locale":"en_US","og_type":"article","og_title":"Ch\u00e2teau La Nerthe : In the Cellar - Domaines Richard","og_description":"Discover the six new talents that make up the cellar team for the vinification of the 2022 vintage at Ch\u00e2teau La Nerthe.","og_url":"https:\/\/www.domainesrichard.fr\/en\/blog\/chateau-la-nerthe-in-the-cellar\/","og_site_name":"Domaines Richard","article_publisher":"https:\/\/www.facebook.com\/domainesrichard","article_published_time":"2022-10-18T09:01:55+00:00","article_modified_time":"2022-10-20T08:19:22+00:00","og_image":[{"width":1500,"height":1000,"url":"https:\/\/www.domainesrichard.fr\/wp-content\/uploads\/2022\/10\/e\u0301quipe_cave_Nerthe.jpg","type":"image\/jpeg"}],"author":"Myrtille Chekhar","twitter_card":"summary_large_image","twitter_misc":{"Written by":"Myrtille Chekhar","Est. reading time":"5 minutes"},"schema":{"@context":"https:\/\/schema.org","@graph":[{"@type":"Article","@id":"https:\/\/www.domainesrichard.fr\/en\/blog\/chateau-la-nerthe-in-the-cellar\/#article","isPartOf":{"@id":"https:\/\/www.domainesrichard.fr\/en\/blog\/chateau-la-nerthe-in-the-cellar\/"},"author":{"name":"Myrtille Chekhar","@id":"https:\/\/www.domainesrichard.fr\/en\/#\/schema\/person\/ec492718d2853a62bb48a08a78858b5c"},"headline":"Ch\u00e2teau La Nerthe&nbsp;: In the Cellar","datePublished":"2022-10-18T09:01:55+00:00","dateModified":"2022-10-20T08:19:22+00:00","mainEntityOfPage":{"@id":"https:\/\/www.domainesrichard.fr\/en\/blog\/chateau-la-nerthe-in-the-cellar\/"},"wordCount":695,"publisher":{"@id":"https:\/\/www.domainesrichard.fr\/en\/#organization"},"image":{"@id":"https:\/\/www.domainesrichard.fr\/en\/blog\/chateau-la-nerthe-in-the-cellar\/#primaryimage"},"thumbnailUrl":"https:\/\/www.domainesrichard.fr\/wp-content\/uploads\/2022\/10\/e\u0301quipe_cave_Nerthe.jpg","articleSection":["Ch\u00e2teau la Nerthe","Domaines Richard"],"inLanguage":"en-US"},{"@type":"WebPage","@id":"https:\/\/www.domainesrichard.fr\/en\/blog\/chateau-la-nerthe-in-the-cellar\/","url":"https:\/\/www.domainesrichard.fr\/en\/blog\/chateau-la-nerthe-in-the-cellar\/","name":"Ch\u00e2teau La Nerthe : In the Cellar - Domaines Richard","isPartOf":{"@id":"https:\/\/www.domainesrichard.fr\/en\/#website"},"primaryImageOfPage":{"@id":"https:\/\/www.domainesrichard.fr\/en\/blog\/chateau-la-nerthe-in-the-cellar\/#primaryimage"},"image":{"@id":"https:\/\/www.domainesrichard.fr\/en\/blog\/chateau-la-nerthe-in-the-cellar\/#primaryimage"},"thumbnailUrl":"https:\/\/www.domainesrichard.fr\/wp-content\/uploads\/2022\/10\/e\u0301quipe_cave_Nerthe.jpg","datePublished":"2022-10-18T09:01:55+00:00","dateModified":"2022-10-20T08:19:22+00:00","description":"Discover the six new talents that make up the cellar team for the vinification of the 2022 vintage at Ch\u00e2teau La Nerthe.","breadcrumb":{"@id":"https:\/\/www.domainesrichard.fr\/en\/blog\/chateau-la-nerthe-in-the-cellar\/#breadcrumb"},"inLanguage":"en-US","potentialAction":[{"@type":"ReadAction","target":["https:\/\/www.domainesrichard.fr\/en\/blog\/chateau-la-nerthe-in-the-cellar\/"]}]},{"@type":"ImageObject","inLanguage":"en-US","@id":"https:\/\/www.domainesrichard.fr\/en\/blog\/chateau-la-nerthe-in-the-cellar\/#primaryimage","url":"https:\/\/www.domainesrichard.fr\/wp-content\/uploads\/2022\/10\/e\u0301quipe_cave_Nerthe.jpg","contentUrl":"https:\/\/www.domainesrichard.fr\/wp-content\/uploads\/2022\/10\/e\u0301quipe_cave_Nerthe.jpg","width":1500,"height":1000,"caption":"e\u0301quipe_cave_Nerthe"},{"@type":"BreadcrumbList","@id":"https:\/\/www.domainesrichard.fr\/en\/blog\/chateau-la-nerthe-in-the-cellar\/#breadcrumb","itemListElement":[{"@type":"ListItem","position":1,"name":"Home","item":"https:\/\/www.domainesrichard.fr\/en\/"},{"@type":"ListItem","position":2,"name":"Ch\u00e2teau La Nerthe&nbsp;: In the Cellar"}]},{"@type":"WebSite","@id":"https:\/\/www.domainesrichard.fr\/en\/#website","url":"https:\/\/www.domainesrichard.fr\/en\/","name":"Domaines Richard","description":"Imaginer, R\u00e9v\u00e9ler, Pr\u00e9server","publisher":{"@id":"https:\/\/www.domainesrichard.fr\/en\/#organization"},"potentialAction":[{"@type":"SearchAction","target":{"@type":"EntryPoint","urlTemplate":"https:\/\/www.domainesrichard.fr\/en\/?s={search_term_string}"},"query-input":{"@type":"PropertyValueSpecification","valueRequired":true,"valueName":"search_term_string"}}],"inLanguage":"en-US"},{"@type":"Organization","@id":"https:\/\/www.domainesrichard.fr\/en\/#organization","name":"Domaines Richard","url":"https:\/\/www.domainesrichard.fr\/en\/","logo":{"@type":"ImageObject","inLanguage":"en-US","@id":"https:\/\/www.domainesrichard.fr\/en\/#\/schema\/logo\/image\/","url":"https:\/\/www.domainesrichard.fr\/wp-content\/uploads\/2021\/10\/favicon.png","contentUrl":"https:\/\/www.domainesrichard.fr\/wp-content\/uploads\/2021\/10\/favicon.png","width":512,"height":512,"caption":"Domaines Richard"},"image":{"@id":"https:\/\/www.domainesrichard.fr\/en\/#\/schema\/logo\/image\/"},"sameAs":["https:\/\/www.facebook.com\/domainesrichard","https:\/\/www.instagram.com\/domainesrichard","https:\/\/www.linkedin.com\/company\/domaines-richard"]},{"@type":"Person","@id":"https:\/\/www.domainesrichard.fr\/en\/#\/schema\/person\/ec492718d2853a62bb48a08a78858b5c","name":"Myrtille Chekhar"}]}},"_links":{"self":[{"href":"https:\/\/www.domainesrichard.fr\/en\/wp-json\/wp\/v2\/posts\/1501","targetHints":{"allow":["GET"]}}],"collection":[{"href":"https:\/\/www.domainesrichard.fr\/en\/wp-json\/wp\/v2\/posts"}],"about":[{"href":"https:\/\/www.domainesrichard.fr\/en\/wp-json\/wp\/v2\/types\/post"}],"author":[{"embeddable":true,"href":"https:\/\/www.domainesrichard.fr\/en\/wp-json\/wp\/v2\/users\/5"}],"replies":[{"embeddable":true,"href":"https:\/\/www.domainesrichard.fr\/en\/wp-json\/wp\/v2\/comments?post=1501"}],"version-history":[{"count":7,"href":"https:\/\/www.domainesrichard.fr\/en\/wp-json\/wp\/v2\/posts\/1501\/revisions"}],"predecessor-version":[{"id":1519,"href":"https:\/\/www.domainesrichard.fr\/en\/wp-json\/wp\/v2\/posts\/1501\/revisions\/1519"}],"wp:featuredmedia":[{"embeddable":true,"href":"https:\/\/www.domainesrichard.fr\/en\/wp-json\/wp\/v2\/media\/1500"}],"wp:attachment":[{"href":"https:\/\/www.domainesrichard.fr\/en\/wp-json\/wp\/v2\/media?parent=1501"}],"wp:term":[{"taxonomy":"category","embeddable":true,"href":"https:\/\/www.domainesrichard.fr\/en\/wp-json\/wp\/v2\/categories?post=1501"},{"taxonomy":"post_tag","embeddable":true,"href":"https:\/\/www.domainesrichard.fr\/en\/wp-json\/wp\/v2\/tags?post=1501"}],"curies":[{"name":"wp","href":"https:\/\/api.w.org\/{rel}","templated":true}]}}